{"id":4443,"date":"2011-10-23T22:58:04","date_gmt":"2011-10-23T22:58:04","guid":{"rendered":"http:\/\/www.artoronto.ca\/?p=4443"},"modified":"2011-11-09T00:12:01","modified_gmt":"2011-11-09T00:12:01","slug":"quebecoise-early-abstract-works","status":"publish","type":"post","link":"https:\/\/artoronto.ca\/?p=4443","title":{"rendered":"Qu\u00e9b\u00e9coise: Early Abstract Works"},"content":{"rendered":"<p style=\"text-align: center;\"><a href=\"http:\/\/www.artoronto.ca\/wp-content\/uploads\/2011\/10\/GG_image_October2011-2.png\"><img loading=\"lazy\" decoding=\"async\" class=\"aligncenter size-full wp-image-4449\" title=\"GG_image_October2011 2\" src=\"http:\/\/www.artoronto.ca\/wp-content\/uploads\/2011\/10\/GG_image_October2011-2.png\" alt=\"\" width=\"406\" height=\"300\" \/><\/a>Rita Letendre, &#8216;Adieu S\u00e9same&#8217;, 1955, oil on board, 24&#8243; \u00d7 32&#8243;<\/p>\n<p><strong>October 15 &#8211;\u00a0November 4, 2011<\/strong><br \/>\nOpening: Saturday, October 15, 10-6 pm<br \/>\n<strong>GALLERY GEVIK<\/strong><br \/>\n12 Hazelton Ave<br \/>\nToronto, ON M5R 2E2<br \/>\nT: 416.968.0901<br \/>\nHours: Tues \u2013 Sat 10-6<br \/>\nE-mail: <a href=\"mailto:info@gevik.com\">info@gevik.com<\/a><br \/>\n<a href=\"http:\/\/www.gevik.com\/\">www.gevik.com<\/a><\/p>\n<p>The exhibition\u00a0is a collection of artworks by <strong>French Canadian<\/strong> artists.<\/p>\n<p style=\"text-align: center;\"><strong>Featuring works by:<\/strong><\/p>\n<p style=\"text-align: center;\">Paul Vanier\u00a0Beaulieu,<\/p>\n<p style=\"text-align: center;\">L\u00e9on Bellefleur,<\/p>\n<p style=\"text-align: center;\">Pierre Gauvreau,<\/p>\n<p style=\"text-align: center;\">J\u00e9an-Paul J\u00e9r\u00f4me,<\/p>\n<p style=\"text-align: center;\">Henry Wanton-Jones,<\/p>\n<p style=\"text-align: center;\">Rita Letendre,\u00a0<\/p>\n<p style=\"text-align: center;\">Serge Lemoyne.<\/p>\n","protected":false},"excerpt":{"rendered":"<p><stong>October 15 &#8211; November 4, 2011<br \/>\nOpening: Saturday, October 15, 10-6 pm<\/p>\n<p><strong>GALLERY GEVIK<\/strong><\/p>\n<p>The exhibition is a collection of artworks by French Canadian artists<\/stong><\/p>\n<p class=\"more-link-p\"><a class=\"more-link\" href=\"https:\/\/artoronto.ca\/?p=4443\">Read more &rarr;<\/a><\/p>\n","protected":false},"author":1,"featured_media":4449,"comment_status":"open","ping_status":"open","sticky":false,"template":"","format":"standard","meta":{"footnotes":""},"categories":[25],"tags":[],"class_list":["post-4443","post","type-post","status-publish","format-standard","has-post-thumbnail","hentry","category-listings_archive"],"_links":{"self":[{"href":"https:\/\/artoronto.ca\/index.php?rest_route=\/wp\/v2\/posts\/4443","targetHints":{"allow":["GET"]}}],"collection":[{"href":"https:\/\/artoronto.ca\/index.php?rest_route=\/wp\/v2\/posts"}],"about":[{"href":"https:\/\/artoronto.ca\/index.php?rest_route=\/wp\/v2\/types\/post"}],"author":[{"embeddable":true,"href":"https:\/\/artoronto.ca\/index.php?rest_route=\/wp\/v2\/users\/1"}],"replies":[{"embeddable":true,"href":"https:\/\/artoronto.ca\/index.php?rest_route=%2Fwp%2Fv2%2Fcomments&post=4443"}],"version-history":[{"count":5,"href":"https:\/\/artoronto.ca\/index.php?rest_route=\/wp\/v2\/posts\/4443\/revisions"}],"predecessor-version":[{"id":5274,"href":"https:\/\/artoronto.ca\/index.php?rest_route=\/wp\/v2\/posts\/4443\/revisions\/5274"}],"wp:featuredmedia":[{"embeddable":true,"href":"https:\/\/artoronto.ca\/index.php?rest_route=\/wp\/v2\/media\/4449"}],"wp:attachment":[{"href":"https:\/\/artoronto.ca\/index.php?rest_route=%2Fwp%2Fv2%2Fmedia&parent=4443"}],"wp:term":[{"taxonomy":"category","embeddable":true,"href":"https:\/\/artoronto.ca\/index.php?rest_route=%2Fwp%2Fv2%2Fcategories&post=4443"},{"taxonomy":"post_tag","embeddable":true,"href":"https:\/\/artoronto.ca\/index.php?rest_route=%2Fwp%2Fv2%2Ftags&post=4443"}],"curies":[{"name":"wp","href":"https:\/\/api.w.org\/{rel}","templated":true}]}}